{"id":7461,"date":"2025-06-16T09:23:37","date_gmt":"2025-06-16T09:23:37","guid":{"rendered":"https:\/\/www.efacec.com\/?post_type=news&#038;p=7461"},"modified":"2025-06-16T09:50:14","modified_gmt":"2025-06-16T09:50:14","slug":"efacec-ready-to-empower-the-grid-at-cired-2025","status":"publish","type":"news","link":"https:\/\/www.efacec.com\/pt\/noticias\/efacec-ready-to-empower-the-grid-at-cired-2025\/","title":{"rendered":"Efacec preparada para potenciar a rede no CIRED 2025"},"content":{"rendered":"<p>Ap\u00f3s o sucesso na edi\u00e7\u00e3o de 2023, a Efacec regressa ao <a href=\"https:\/\/www.cired2025.org\/\">CIRED<\/a> em 2025, uma das confer\u00eancias mais importantes do mundo para a distribui\u00e7\u00e3o de eletricidade, que se realiza de 16 a 19 de junho na Palexpo Gen\u00e8ve, na Su\u00ed\u00e7a. O CIRED \u00e9 a plataforma mais influente da ind\u00fastria no que respeita \u00e0 inova\u00e7\u00e3o e partilha de conhecimento, reunindo profissionais de todo o sector para explorar solu\u00e7\u00f5es de topo para sistemas de energia.<\/p>\n\n\n\n<p>No evento deste ano, a empresa portuguesa ir\u00e1 apresentar as suas mais recentes tecnologias de Aparelhagem, Automa\u00e7\u00e3o e Transformadores, concebidas para acelerar a transi\u00e7\u00e3o energ\u00e9tica e apoiar uma rede mais inteligente, sustent\u00e1vel e resiliente.<\/p>\n\n\n\n<p>Um dos principais destaques do stand Q7 ser\u00e1 o evoFIX, o novo quadro de distribui\u00e7\u00e3o secund\u00e1ria de m\u00e9dia tens\u00e3o at\u00e9 24 kV, isento de SF6, da Efacec. Com um design compacto e modular, o evoFIX \u00e9 uma alternativa ecol\u00f3gica aos RMUs convencionais, utilizando gases de origem natural e isolamento de ar seco para minimizar a pegada de carbono e garantir a conformidade com o mais recente regulamento de gases fluorados da Uni\u00e3o Europeia.<\/p>\n\n\n\n<p>Na \u00e1rea da Automa\u00e7\u00e3o, a Efacec apresentar\u00e1 o seu vasto portf\u00f3lio de solu\u00e7\u00f5es para a supervis\u00e3o, controlo e prote\u00e7\u00e3o avan\u00e7ada de redes de distribui\u00e7\u00e3o, potenciando solu\u00e7\u00f5es descentralizadas e adapt\u00e1veis \u00e0 evolu\u00e7\u00e3o da rede inteligente. Este inclui o ScateX# ADMS aberto e escal\u00e1vel, os flex\u00edveis servidores de esta\u00e7\u00f5es e HMI UC 500 e HMI 500, os vers\u00e1teis IEDs multifun\u00e7\u00f5es de Prote\u00e7\u00e3o e Controlo da s\u00e9rie 430, a compacta unidade de fus\u00e3o MCU 500 e, finalmente, o Automation Studio, um ambiente de ferramentas de engenharia <i>all-in-one<\/i>.<\/p>\n\n\n\n<p>Concebidas para dar resposta \u00e0 crescente complexidade das redes inteligentes, estas solu\u00e7\u00f5es apoiam a monitoriza\u00e7\u00e3o em tempo real, a resili\u00eancia da rede, a integra\u00e7\u00e3o de DER e o refor\u00e7o da ciberseguran\u00e7a, permitindo que os servi\u00e7os p\u00fablicos funcionem de forma mais eficiente e enfrentem os desafios emergentes do contexto da Automa\u00e7\u00e3o. <\/p>\n\n\n\n<p>A participa\u00e7\u00e3o da Efacec ser\u00e1 tamb\u00e9m centrada na troca de conhecimentos, com a apresenta\u00e7\u00e3o de artigos t\u00e9cnicos durante a confer\u00eancia, contribuindo para as discuss\u00f5es sobre a inova\u00e7\u00e3o da rede e o futuro da distribui\u00e7\u00e3o de energia na Europa:<\/p>\n\n\n\n<ul class=\"wp-block-list\">\n<li><strong>Poster 390, 18 junho | 14:30 - 16:00 CET:<\/strong> Algorithms for intermittent fault detection with high-impedance neutral-to-ground regimes <em>(apresentado por parceiros)<\/em>;<\/li>\n\n\n\n<li><strong>Poster 963, 19 junho | 11:00 - 12:30 CET:<\/strong> Improved ADMS with an operator friendly interface <em>(apresentado por parceiros)<\/em>;<\/li>\n\n\n\n<li><strong>Poster 873, 19 junho | 14:30 - 16:00 CET:<\/strong> Renewable energy management systems \u2013 methodological aspects for active power control <em>(apresentado por Jos\u00e9 Sim\u00f5es, da equipa de solu\u00e7\u00f5es de Automa\u00e7\u00e3o da Efacec)<\/em><\/li>\n<\/ul>\n\n\n\n<p>Este facto complementa o papel da empresa no ecossistema de distribui\u00e7\u00e3o de energia, onde os transformadores desempenham um papel vital. Com mais de 75 anos de experi\u00eancia, a Efacec fornece solu\u00e7\u00f5es de transformadores <i>eco-friendly<\/i> \u00e0s principais <i>utilities<\/i> europeias, apoiando o funcionamento fi\u00e1vel e sustent\u00e1vel das redes de distribui\u00e7\u00e3o, a par das suas solu\u00e7\u00f5es de Aparelhagem e Automa\u00e7\u00e3o.<\/p>\n\n\n\n<p>Os participantes podem visitar a Efacec no stand Q7 para descobrir as suas solu\u00e7\u00f5es inovadoras de Automa\u00e7\u00e3o, Transformadores e Aparelhagem, incluindo o novo evoFIX sem SF\u2086 e os mais recentes avan\u00e7os na gest\u00e3o de redes, bem como para interagir com os especialistas da empresa, podendo agendar uma reuni\u00e3o <a href=\"https:\/\/outlook.office.com\/book\/EfacecBookingCIRED2025@efacecpws.onmicrosoft.com\/\">aqui<\/a>.<\/p>","protected":false},"excerpt":{"rendered":"<p>De 16 a 19 de junho, a Efacec vai apresentar as suas mais recentes solu\u00e7\u00f5es de Aparelhagem, Automa\u00e7\u00e3o e Transformadores no CIRED, a decorrer na Palexpo Gen\u00e8ve.<\/p>","protected":false},"featured_media":7462,"template":"","meta":{"_acf_changed":true,"_monsterinsights_skip_tracking":false,"_monsterinsights_sitenote_active":false,"_monsterinsights_sitenote_note":"","_monsterinsights_sitenote_category":0,"_uf_show_specific_survey":0,"_uf_disable_surveys":false},"class_list":["post-7461","news","type-news","status-publish","has-post-thumbnail","hentry"],"acf":[],"yoast_head":"<!-- This site is optimized with the Yoast SEO Premium plugin v24.8 (Yoast SEO v24.8.1) - https:\/\/yoast.com\/wordpress\/plugins\/seo\/ -->\n<title>Efacec ready to empower the grid at CIRED 2025 - Efacec<\/title>\n<meta name=\"description\" content=\"From June 16 to 19, Efacec will showcase its latest Switchgear, Automation and Transformer technologies at CIRED.\" \/>\n<meta name=\"robots\" content=\"index, follow, max-snippet:-1, max-image-preview:large, max-video-preview:-1\" \/>\n<link rel=\"canonical\" href=\"https:\/\/www.efacec.com\/pt\/noticias\/efacec-ready-to-empower-the-grid-at-cired-2025\/\" \/>\n<meta property=\"og:locale\" content=\"pt_PT\" \/>\n<meta property=\"og:type\" content=\"article\" \/>\n<meta property=\"og:title\" content=\"Efacec ready to empower the grid at CIRED 2025\" \/>\n<meta property=\"og:description\" content=\"From June 16 to 19, Efacec will showcase its latest Switchgear, Automation and Transformer technologies at CIRED.\" \/>\n<meta property=\"og:url\" content=\"https:\/\/www.efacec.com\/pt\/noticias\/efacec-ready-to-empower-the-grid-at-cired-2025\/\" \/>\n<meta property=\"og:site_name\" content=\"Efacec\" \/>\n<meta property=\"article:modified_time\" content=\"2025-06-16T09:50:14+00:00\" \/>\n<meta property=\"og:image\" content=\"http:\/\/www.efacec.com\/wp-content\/uploads\/2025\/06\/CIRED_2023_01-scaled.jpg\" \/>\n\t<meta property=\"og:image:width\" content=\"2560\" \/>\n\t<meta property=\"og:image:height\" content=\"1442\" \/>\n\t<meta property=\"og:image:type\" content=\"image\/jpeg\" \/>\n<meta name=\"twitter:card\" content=\"summary_large_image\" \/>\n<meta name=\"twitter:label1\" content=\"Est. reading time\" \/>\n\t<meta name=\"twitter:data1\" content=\"3 minutos\" \/>\n<script type=\"application\/ld+json\" class=\"yoast-schema-graph\">{\"@context\":\"https:\/\/schema.org\",\"@graph\":[{\"@type\":\"WebPage\",\"@id\":\"https:\/\/www.efacec.com\/news\/efacec-ready-to-empower-the-grid-at-cired-2025\/\",\"url\":\"https:\/\/www.efacec.com\/news\/efacec-ready-to-empower-the-grid-at-cired-2025\/\",\"name\":\"Efacec ready to empower the grid at CIRED 2025 - Efacec\",\"isPartOf\":{\"@id\":\"https:\/\/www.efacec.com\/#website\"},\"primaryImageOfPage\":{\"@id\":\"https:\/\/www.efacec.com\/news\/efacec-ready-to-empower-the-grid-at-cired-2025\/#primaryimage\"},\"image\":{\"@id\":\"https:\/\/www.efacec.com\/news\/efacec-ready-to-empower-the-grid-at-cired-2025\/#primaryimage\"},\"thumbnailUrl\":\"https:\/\/www.efacec.com\/wp-content\/uploads\/2025\/06\/CIRED_2023_01-scaled.jpg\",\"datePublished\":\"2025-06-16T09:23:37+00:00\",\"dateModified\":\"2025-06-16T09:50:14+00:00\",\"description\":\"From June 16 to 19, Efacec will showcase its latest Switchgear, Automation and Transformer technologies at CIRED.\",\"breadcrumb\":{\"@id\":\"https:\/\/www.efacec.com\/news\/efacec-ready-to-empower-the-grid-at-cired-2025\/#breadcrumb\"},\"inLanguage\":\"pt-PT\",\"potentialAction\":[{\"@type\":\"ReadAction\",\"target\":[\"https:\/\/www.efacec.com\/news\/efacec-ready-to-empower-the-grid-at-cired-2025\/\"]}]},{\"@type\":\"ImageObject\",\"inLanguage\":\"pt-PT\",\"@id\":\"https:\/\/www.efacec.com\/news\/efacec-ready-to-empower-the-grid-at-cired-2025\/#primaryimage\",\"url\":\"https:\/\/www.efacec.com\/wp-content\/uploads\/2025\/06\/CIRED_2023_01-scaled.jpg\",\"contentUrl\":\"https:\/\/www.efacec.com\/wp-content\/uploads\/2025\/06\/CIRED_2023_01-scaled.jpg\",\"width\":2560,\"height\":1442},{\"@type\":\"BreadcrumbList\",\"@id\":\"https:\/\/www.efacec.com\/news\/efacec-ready-to-empower-the-grid-at-cired-2025\/#breadcrumb\",\"itemListElement\":[{\"@type\":\"ListItem\",\"position\":1,\"name\":\"In\u00edcio\",\"item\":\"https:\/\/www.efacec.com\/\"},{\"@type\":\"ListItem\",\"position\":2,\"name\":\"News\",\"item\":\"https:\/\/www.efacec.com\/news\/\"},{\"@type\":\"ListItem\",\"position\":3,\"name\":\"Efacec ready to empower the grid at CIRED 2025\"}]},{\"@type\":\"WebSite\",\"@id\":\"https:\/\/www.efacec.com\/#website\",\"url\":\"https:\/\/www.efacec.com\/\",\"name\":\"Efacec\",\"description\":\"\",\"potentialAction\":[{\"@type\":\"SearchAction\",\"target\":{\"@type\":\"EntryPoint\",\"urlTemplate\":\"https:\/\/www.efacec.com\/?s={search_term_string}\"},\"query-input\":{\"@type\":\"PropertyValueSpecification\",\"valueRequired\":true,\"valueName\":\"search_term_string\"}}],\"inLanguage\":\"pt-PT\"}]}<\/script>\n<!-- \/ Yoast SEO Premium plugin. -->","yoast_head_json":{"title":"Efacec ready to empower the grid at CIRED 2025 - Efacec","description":"From June 16 to 19, Efacec will showcase its latest Switchgear, Automation and Transformer technologies at CIRED.","robots":{"index":"index","follow":"follow","max-snippet":"max-snippet:-1","max-image-preview":"max-image-preview:large","max-video-preview":"max-video-preview:-1"},"canonical":"https:\/\/www.efacec.com\/pt\/noticias\/efacec-ready-to-empower-the-grid-at-cired-2025\/","og_locale":"pt_PT","og_type":"article","og_title":"Efacec ready to empower the grid at CIRED 2025","og_description":"From June 16 to 19, Efacec will showcase its latest Switchgear, Automation and Transformer technologies at CIRED.","og_url":"https:\/\/www.efacec.com\/pt\/noticias\/efacec-ready-to-empower-the-grid-at-cired-2025\/","og_site_name":"Efacec","article_modified_time":"2025-06-16T09:50:14+00:00","og_image":[{"width":2560,"height":1442,"url":"http:\/\/www.efacec.com\/wp-content\/uploads\/2025\/06\/CIRED_2023_01-scaled.jpg","type":"image\/jpeg"}],"twitter_card":"summary_large_image","twitter_misc":{"Est. reading time":"3 minutos"},"schema":{"@context":"https:\/\/schema.org","@graph":[{"@type":"WebPage","@id":"https:\/\/www.efacec.com\/news\/efacec-ready-to-empower-the-grid-at-cired-2025\/","url":"https:\/\/www.efacec.com\/news\/efacec-ready-to-empower-the-grid-at-cired-2025\/","name":"Efacec ready to empower the grid at CIRED 2025 - Efacec","isPartOf":{"@id":"https:\/\/www.efacec.com\/#website"},"primaryImageOfPage":{"@id":"https:\/\/www.efacec.com\/news\/efacec-ready-to-empower-the-grid-at-cired-2025\/#primaryimage"},"image":{"@id":"https:\/\/www.efacec.com\/news\/efacec-ready-to-empower-the-grid-at-cired-2025\/#primaryimage"},"thumbnailUrl":"https:\/\/www.efacec.com\/wp-content\/uploads\/2025\/06\/CIRED_2023_01-scaled.jpg","datePublished":"2025-06-16T09:23:37+00:00","dateModified":"2025-06-16T09:50:14+00:00","description":"From June 16 to 19, Efacec will showcase its latest Switchgear, Automation and Transformer technologies at CIRED.","breadcrumb":{"@id":"https:\/\/www.efacec.com\/news\/efacec-ready-to-empower-the-grid-at-cired-2025\/#breadcrumb"},"inLanguage":"pt-PT","potentialAction":[{"@type":"ReadAction","target":["https:\/\/www.efacec.com\/news\/efacec-ready-to-empower-the-grid-at-cired-2025\/"]}]},{"@type":"ImageObject","inLanguage":"pt-PT","@id":"https:\/\/www.efacec.com\/news\/efacec-ready-to-empower-the-grid-at-cired-2025\/#primaryimage","url":"https:\/\/www.efacec.com\/wp-content\/uploads\/2025\/06\/CIRED_2023_01-scaled.jpg","contentUrl":"https:\/\/www.efacec.com\/wp-content\/uploads\/2025\/06\/CIRED_2023_01-scaled.jpg","width":2560,"height":1442},{"@type":"BreadcrumbList","@id":"https:\/\/www.efacec.com\/news\/efacec-ready-to-empower-the-grid-at-cired-2025\/#breadcrumb","itemListElement":[{"@type":"ListItem","position":1,"name":"In\u00edcio","item":"https:\/\/www.efacec.com\/"},{"@type":"ListItem","position":2,"name":"News","item":"https:\/\/www.efacec.com\/news\/"},{"@type":"ListItem","position":3,"name":"Efacec ready to empower the grid at CIRED 2025"}]},{"@type":"WebSite","@id":"https:\/\/www.efacec.com\/#website","url":"https:\/\/www.efacec.com\/","name":"Efacec","description":"","potentialAction":[{"@type":"SearchAction","target":{"@type":"EntryPoint","urlTemplate":"https:\/\/www.efacec.com\/?s={search_term_string}"},"query-input":{"@type":"PropertyValueSpecification","valueRequired":true,"valueName":"search_term_string"}}],"inLanguage":"pt-PT"}]}},"_links":{"self":[{"href":"https:\/\/www.efacec.com\/pt\/wp-json\/wp\/v2\/news\/7461","targetHints":{"allow":["GET"]}}],"collection":[{"href":"https:\/\/www.efacec.com\/pt\/wp-json\/wp\/v2\/news"}],"about":[{"href":"https:\/\/www.efacec.com\/pt\/wp-json\/wp\/v2\/types\/news"}],"wp:featuredmedia":[{"embeddable":true,"href":"https:\/\/www.efacec.com\/pt\/wp-json\/wp\/v2\/media\/7462"}],"wp:attachment":[{"href":"https:\/\/www.efacec.com\/pt\/wp-json\/wp\/v2\/media?parent=7461"}],"curies":[{"name":"wp","href":"https:\/\/api.w.org\/{rel}","templated":true}]}}