{"id":5311,"date":"2024-06-28T20:11:00","date_gmt":"2024-06-28T20:11:00","guid":{"rendered":"http:\/\/efas464\/?post_type=noticia&#038;p=5311"},"modified":"2025-03-06T15:44:31","modified_gmt":"2025-03-06T15:44:31","slug":"the-technology-of-the-jv-efacec-jayme-da-costa-sisint-at-the-inauguration-of-the-yellow-line-extension-of-metro-do-porto","status":"publish","type":"news","link":"https:\/\/www.efacec.com\/pt\/noticias\/tecnologia-do-ace-efacec-jayme-da-costa-sisint-na-inauguracao-da-extensao-da-linha-amarela-do-metro-do-porto\/","title":{"rendered":"Tecnologia do ACE Efacec \u2013 Jayme da Costa \u2013 Sisint na inaugura\u00e7\u00e3o da extens\u00e3o da Linha Amarela do Metro do Porto"},"content":{"rendered":"<p><b>Fornecendo todos os sistemas el\u00e9tricos e eletromec\u00e2nicos.<\/b><\/p>\n\n\n\n<p>Decorreu esta sexta-feira, 28 de junho, a inaugura\u00e7\u00e3o da extens\u00e3o da Linha Amarela (D) do Metro do Porto, entre Santo Ov\u00eddio e Vila d\u2019Este, numa constru\u00e7\u00e3o que contou com a colabora\u00e7\u00e3o do ACE constitu\u00eddo pela Efacec, Jayme da Costa e Sisint, para o fornecimento dos sistemas el\u00e9tricos e eletromec\u00e2nicos.<\/p>\n\n\n\n<p>As novas esta\u00e7\u00f5es da Linha Amarela permitem a expans\u00e3o da rede metropolitana do Metro do Porto at\u00e9 importantes infraestruturas como o Hospital Santos Silva, bem como o centro urbano de Vila d\u2019Este, permitindo a milhares de pessoas acederem ao hospital nas melhores condi\u00e7\u00f5es poss\u00edveis.<\/p>\n\n\n\n<p>Para esta empreitada, e resultante dos contratos assinados por estas empresas com o ACE Ferrovial \/ ACA (Alberto Couto Alves) em 2021, muito contribuiu o fornecimento em regime chave na m\u00e3o de:<\/p>\n\n\n\n<ul class=\"wp-block-list\">\n<li>Rede de energia de tra\u00e7\u00e3o, incluindo subesta\u00e7\u00f5es e caten\u00e1ria<\/li>\n\n\n\n<li>Sistemas de energia, incluindo ilumina\u00e7\u00e3o e baixa tens\u00e3o<\/li>\n\n\n\n<li>Sistema autom\u00e1tico de dete\u00e7\u00e3o de inc\u00eandios<\/li>\n\n\n\n<li>Sistemas de ventila\u00e7\u00e3o, bombagem e desenfumagem t\u00faneis e esta\u00e7\u00f5es<\/li>\n\n\n\n<li>Redes de ar condicionado e ar comprimido<\/li>\n<\/ul>\n\n\n\n<p>\u00c9 com orgulho que o ACE participou num projeto desta envergadura e com impacto positivo na vida de dezenas de milhares de habitantes da \u00e1rea metropolitana do Porto, sendo uma evid\u00eancia da qualidade e relev\u00e2ncia estrat\u00e9gica da tecnologia portuguesa no desenvolvimento de infraestruturas essenciais para a vida de todos, em Portugal e no mundo.<\/p>\n\n\n\n<p>A confian\u00e7a nos sistemas el\u00e9tricos e eletromec\u00e2nicos fornecidos pela Efacec, Jayme da Costa e Sisint s\u00e3o ainda um refor\u00e7o da import\u00e2ncia destas empresas no panorama da mobilidade urbana sustent\u00e1vel e, em particular, da elevada fiabilidade das suas solu\u00e7\u00f5es, bem como das compet\u00eancias t\u00e9cnicas das suas pessoas.<\/p>\n\n\n\n<p>Atualmente, o ACE contribui igualmente para a constru\u00e7\u00e3o da nova Linha Circular do Metro do Porto, que ir\u00e1 facilitar a desloca\u00e7\u00e3o at\u00e9 \u00e0 zona do Hospital de Santo Ant\u00f3nio, no Porto, trazendo uma maior qualidade de vida aos utilizadores do servi\u00e7o de Metro e aos cidad\u00e3os no geral.<\/p>","protected":false},"excerpt":{"rendered":"<p>Decorreu esta sexta-feira, 28 de junho, a inaugura\u00e7\u00e3o da extens\u00e3o da Linha Amarela (D) do Metro do Porto, entre Santo Ov\u00eddio e Vila d\u2019Este, numa constru\u00e7\u00e3o que contou com a colabora\u00e7\u00e3o do ACE constitu\u00eddo pela Efacec, Jayme da Costa e Sisint, para o fornecimento dos sistemas el\u00e9tricos e eletromec\u00e2nicos.<\/p>","protected":false},"featured_media":5312,"template":"","meta":{"_acf_changed":true,"_monsterinsights_skip_tracking":false,"_monsterinsights_sitenote_active":false,"_monsterinsights_sitenote_note":"","_monsterinsights_sitenote_category":0,"_uf_show_specific_survey":0,"_uf_disable_surveys":false},"class_list":["post-5311","news","type-news","status-publish","has-post-thumbnail","hentry"],"acf":[],"yoast_head":"<!-- This site is optimized with the Yoast SEO Premium plugin v24.8 (Yoast SEO v24.8.1) - https:\/\/yoast.com\/wordpress\/plugins\/seo\/ -->\n<title>The technology of the JV Efacec \u2013 Jayme da Costa \u2013 Sisint at the inauguration of the Yellow Line extension of Metro do Porto - Efacec<\/title>\n<meta name=\"description\" content=\"Efacec, in partnership with Jayme da Costa and Sisint, supplied electrical and electromechanical systems for the Metro do Porto Yellow Line extension.\" \/>\n<meta name=\"robots\" content=\"index, follow, max-snippet:-1, max-image-preview:large, max-video-preview:-1\" \/>\n<link rel=\"canonical\" href=\"https:\/\/www.efacec.com\/pt\/noticias\/tecnologia-do-ace-efacec-jayme-da-costa-sisint-na-inauguracao-da-extensao-da-linha-amarela-do-metro-do-porto\/\" \/>\n<meta property=\"og:locale\" content=\"pt_PT\" \/>\n<meta property=\"og:type\" content=\"article\" \/>\n<meta property=\"og:title\" content=\"The technology of the JV Efacec \u2013 Jayme da Costa \u2013 Sisint at the inauguration of the Yellow Line extension of Metro do Porto\" \/>\n<meta property=\"og:description\" content=\"Efacec, in partnership with Jayme da Costa and Sisint, supplied electrical and electromechanical systems for the Metro do Porto Yellow Line extension.\" \/>\n<meta property=\"og:url\" content=\"https:\/\/www.efacec.com\/pt\/noticias\/tecnologia-do-ace-efacec-jayme-da-costa-sisint-na-inauguracao-da-extensao-da-linha-amarela-do-metro-do-porto\/\" \/>\n<meta property=\"og:site_name\" content=\"Efacec\" \/>\n<meta property=\"article:modified_time\" content=\"2025-03-06T15:44:31+00:00\" \/>\n<meta property=\"og:image\" content=\"http:\/\/www.efacec.com\/wp-content\/uploads\/2024\/12\/noticia_Efacec_Press_Metro_Porto.webp\" \/>\n\t<meta property=\"og:image:width\" content=\"1920\" \/>\n\t<meta property=\"og:image:height\" content=\"1080\" \/>\n\t<meta property=\"og:image:type\" content=\"image\/webp\" \/>\n<meta name=\"twitter:card\" content=\"summary_large_image\" \/>\n<meta name=\"twitter:label1\" content=\"Est. reading time\" \/>\n\t<meta name=\"twitter:data1\" content=\"2 minutos\" \/>\n<script type=\"application\/ld+json\" class=\"yoast-schema-graph\">{\"@context\":\"https:\/\/schema.org\",\"@graph\":[{\"@type\":\"WebPage\",\"@id\":\"https:\/\/www.efacec.com\/news\/the-technology-of-the-jv-efacec-jayme-da-costa-sisint-at-the-inauguration-of-the-yellow-line-extension-of-metro-do-porto\/\",\"url\":\"https:\/\/www.efacec.com\/news\/the-technology-of-the-jv-efacec-jayme-da-costa-sisint-at-the-inauguration-of-the-yellow-line-extension-of-metro-do-porto\/\",\"name\":\"The technology of the JV Efacec \u2013 Jayme da Costa \u2013 Sisint at the inauguration of the Yellow Line extension of Metro do Porto - Efacec\",\"isPartOf\":{\"@id\":\"https:\/\/www.efacec.com\/#website\"},\"primaryImageOfPage\":{\"@id\":\"https:\/\/www.efacec.com\/news\/the-technology-of-the-jv-efacec-jayme-da-costa-sisint-at-the-inauguration-of-the-yellow-line-extension-of-metro-do-porto\/#primaryimage\"},\"image\":{\"@id\":\"https:\/\/www.efacec.com\/news\/the-technology-of-the-jv-efacec-jayme-da-costa-sisint-at-the-inauguration-of-the-yellow-line-extension-of-metro-do-porto\/#primaryimage\"},\"thumbnailUrl\":\"https:\/\/www.efacec.com\/wp-content\/uploads\/2024\/12\/noticia_Efacec_Press_Metro_Porto.webp\",\"datePublished\":\"2024-06-28T20:11:00+00:00\",\"dateModified\":\"2025-03-06T15:44:31+00:00\",\"description\":\"Efacec, in partnership with Jayme da Costa and Sisint, supplied electrical and electromechanical systems for the Metro do Porto Yellow Line extension.\",\"breadcrumb\":{\"@id\":\"https:\/\/www.efacec.com\/news\/the-technology-of-the-jv-efacec-jayme-da-costa-sisint-at-the-inauguration-of-the-yellow-line-extension-of-metro-do-porto\/#breadcrumb\"},\"inLanguage\":\"pt-PT\",\"potentialAction\":[{\"@type\":\"ReadAction\",\"target\":[\"https:\/\/www.efacec.com\/news\/the-technology-of-the-jv-efacec-jayme-da-costa-sisint-at-the-inauguration-of-the-yellow-line-extension-of-metro-do-porto\/\"]}]},{\"@type\":\"ImageObject\",\"inLanguage\":\"pt-PT\",\"@id\":\"https:\/\/www.efacec.com\/news\/the-technology-of-the-jv-efacec-jayme-da-costa-sisint-at-the-inauguration-of-the-yellow-line-extension-of-metro-do-porto\/#primaryimage\",\"url\":\"https:\/\/www.efacec.com\/wp-content\/uploads\/2024\/12\/noticia_Efacec_Press_Metro_Porto.webp\",\"contentUrl\":\"https:\/\/www.efacec.com\/wp-content\/uploads\/2024\/12\/noticia_Efacec_Press_Metro_Porto.webp\",\"width\":1920,\"height\":1080,\"caption\":\"Modern yellow and gray Metro do Porto train stops on a station, while workers in safety vests inspect the railway tracks and structure.\"},{\"@type\":\"BreadcrumbList\",\"@id\":\"https:\/\/www.efacec.com\/news\/the-technology-of-the-jv-efacec-jayme-da-costa-sisint-at-the-inauguration-of-the-yellow-line-extension-of-metro-do-porto\/#breadcrumb\",\"itemListElement\":[{\"@type\":\"ListItem\",\"position\":1,\"name\":\"In\u00edcio\",\"item\":\"https:\/\/www.efacec.com\/\"},{\"@type\":\"ListItem\",\"position\":2,\"name\":\"News\",\"item\":\"https:\/\/www.efacec.com\/news\/\"},{\"@type\":\"ListItem\",\"position\":3,\"name\":\"The technology of the JV Efacec \u2013 Jayme da Costa \u2013 Sisint at the inauguration of the Yellow Line extension of Metro do Porto\"}]},{\"@type\":\"WebSite\",\"@id\":\"https:\/\/www.efacec.com\/#website\",\"url\":\"https:\/\/www.efacec.com\/\",\"name\":\"Efacec\",\"description\":\"\",\"potentialAction\":[{\"@type\":\"SearchAction\",\"target\":{\"@type\":\"EntryPoint\",\"urlTemplate\":\"https:\/\/www.efacec.com\/?s={search_term_string}\"},\"query-input\":{\"@type\":\"PropertyValueSpecification\",\"valueRequired\":true,\"valueName\":\"search_term_string\"}}],\"inLanguage\":\"pt-PT\"}]}<\/script>\n<!-- \/ Yoast SEO Premium plugin. -->","yoast_head_json":{"title":"The technology of the JV Efacec \u2013 Jayme da Costa \u2013 Sisint at the inauguration of the Yellow Line extension of Metro do Porto - Efacec","description":"Efacec, in partnership with Jayme da Costa and Sisint, supplied electrical and electromechanical systems for the Metro do Porto Yellow Line extension.","robots":{"index":"index","follow":"follow","max-snippet":"max-snippet:-1","max-image-preview":"max-image-preview:large","max-video-preview":"max-video-preview:-1"},"canonical":"https:\/\/www.efacec.com\/pt\/noticias\/tecnologia-do-ace-efacec-jayme-da-costa-sisint-na-inauguracao-da-extensao-da-linha-amarela-do-metro-do-porto\/","og_locale":"pt_PT","og_type":"article","og_title":"The technology of the JV Efacec \u2013 Jayme da Costa \u2013 Sisint at the inauguration of the Yellow Line extension of Metro do Porto","og_description":"Efacec, in partnership with Jayme da Costa and Sisint, supplied electrical and electromechanical systems for the Metro do Porto Yellow Line extension.","og_url":"https:\/\/www.efacec.com\/pt\/noticias\/tecnologia-do-ace-efacec-jayme-da-costa-sisint-na-inauguracao-da-extensao-da-linha-amarela-do-metro-do-porto\/","og_site_name":"Efacec","article_modified_time":"2025-03-06T15:44:31+00:00","og_image":[{"width":1920,"height":1080,"url":"http:\/\/www.efacec.com\/wp-content\/uploads\/2024\/12\/noticia_Efacec_Press_Metro_Porto.webp","type":"image\/webp"}],"twitter_card":"summary_large_image","twitter_misc":{"Est. reading time":"2 minutos"},"schema":{"@context":"https:\/\/schema.org","@graph":[{"@type":"WebPage","@id":"https:\/\/www.efacec.com\/news\/the-technology-of-the-jv-efacec-jayme-da-costa-sisint-at-the-inauguration-of-the-yellow-line-extension-of-metro-do-porto\/","url":"https:\/\/www.efacec.com\/news\/the-technology-of-the-jv-efacec-jayme-da-costa-sisint-at-the-inauguration-of-the-yellow-line-extension-of-metro-do-porto\/","name":"The technology of the JV Efacec \u2013 Jayme da Costa \u2013 Sisint at the inauguration of the Yellow Line extension of Metro do Porto - Efacec","isPartOf":{"@id":"https:\/\/www.efacec.com\/#website"},"primaryImageOfPage":{"@id":"https:\/\/www.efacec.com\/news\/the-technology-of-the-jv-efacec-jayme-da-costa-sisint-at-the-inauguration-of-the-yellow-line-extension-of-metro-do-porto\/#primaryimage"},"image":{"@id":"https:\/\/www.efacec.com\/news\/the-technology-of-the-jv-efacec-jayme-da-costa-sisint-at-the-inauguration-of-the-yellow-line-extension-of-metro-do-porto\/#primaryimage"},"thumbnailUrl":"https:\/\/www.efacec.com\/wp-content\/uploads\/2024\/12\/noticia_Efacec_Press_Metro_Porto.webp","datePublished":"2024-06-28T20:11:00+00:00","dateModified":"2025-03-06T15:44:31+00:00","description":"Efacec, in partnership with Jayme da Costa and Sisint, supplied electrical and electromechanical systems for the Metro do Porto Yellow Line extension.","breadcrumb":{"@id":"https:\/\/www.efacec.com\/news\/the-technology-of-the-jv-efacec-jayme-da-costa-sisint-at-the-inauguration-of-the-yellow-line-extension-of-metro-do-porto\/#breadcrumb"},"inLanguage":"pt-PT","potentialAction":[{"@type":"ReadAction","target":["https:\/\/www.efacec.com\/news\/the-technology-of-the-jv-efacec-jayme-da-costa-sisint-at-the-inauguration-of-the-yellow-line-extension-of-metro-do-porto\/"]}]},{"@type":"ImageObject","inLanguage":"pt-PT","@id":"https:\/\/www.efacec.com\/news\/the-technology-of-the-jv-efacec-jayme-da-costa-sisint-at-the-inauguration-of-the-yellow-line-extension-of-metro-do-porto\/#primaryimage","url":"https:\/\/www.efacec.com\/wp-content\/uploads\/2024\/12\/noticia_Efacec_Press_Metro_Porto.webp","contentUrl":"https:\/\/www.efacec.com\/wp-content\/uploads\/2024\/12\/noticia_Efacec_Press_Metro_Porto.webp","width":1920,"height":1080,"caption":"Modern yellow and gray Metro do Porto train stops on a station, while workers in safety vests inspect the railway tracks and structure."},{"@type":"BreadcrumbList","@id":"https:\/\/www.efacec.com\/news\/the-technology-of-the-jv-efacec-jayme-da-costa-sisint-at-the-inauguration-of-the-yellow-line-extension-of-metro-do-porto\/#breadcrumb","itemListElement":[{"@type":"ListItem","position":1,"name":"In\u00edcio","item":"https:\/\/www.efacec.com\/"},{"@type":"ListItem","position":2,"name":"News","item":"https:\/\/www.efacec.com\/news\/"},{"@type":"ListItem","position":3,"name":"The technology of the JV Efacec \u2013 Jayme da Costa \u2013 Sisint at the inauguration of the Yellow Line extension of Metro do Porto"}]},{"@type":"WebSite","@id":"https:\/\/www.efacec.com\/#website","url":"https:\/\/www.efacec.com\/","name":"Efacec","description":"","potentialAction":[{"@type":"SearchAction","target":{"@type":"EntryPoint","urlTemplate":"https:\/\/www.efacec.com\/?s={search_term_string}"},"query-input":{"@type":"PropertyValueSpecification","valueRequired":true,"valueName":"search_term_string"}}],"inLanguage":"pt-PT"}]}},"_links":{"self":[{"href":"https:\/\/www.efacec.com\/pt\/wp-json\/wp\/v2\/news\/5311","targetHints":{"allow":["GET"]}}],"collection":[{"href":"https:\/\/www.efacec.com\/pt\/wp-json\/wp\/v2\/news"}],"about":[{"href":"https:\/\/www.efacec.com\/pt\/wp-json\/wp\/v2\/types\/news"}],"wp:featuredmedia":[{"embeddable":true,"href":"https:\/\/www.efacec.com\/pt\/wp-json\/wp\/v2\/media\/5312"}],"wp:attachment":[{"href":"https:\/\/www.efacec.com\/pt\/wp-json\/wp\/v2\/media?parent=5311"}],"curies":[{"name":"wp","href":"https:\/\/api.w.org\/{rel}","templated":true}]}}