{"id":5305,"date":"2024-04-16T19:09:00","date_gmt":"2024-04-16T19:09:00","guid":{"rendered":"http:\/\/efas464\/?post_type=noticia&#038;p=5305"},"modified":"2025-03-06T15:52:26","modified_gmt":"2025-03-06T15:52:26","slug":"the-new-qc180-charger-sets-the-pace-for-a-2024-focused-on-new-product-launches-at-efacec-electric-mobility","status":"publish","type":"news","link":"https:\/\/www.efacec.com\/pt\/noticias\/novo-carregador-qc180-marca-o-ritmo-de-um-2024-de-lancamentos-de-novos-produtos-na-mobilidade-eletrica-da-efacec\/","title":{"rendered":"Novo carregador QC180 marca o ritmo de um 2024 de lan\u00e7amentos de novos produtos na Mobilidade El\u00e9trica da Efacec"},"content":{"rendered":"<p><b>Desenvolvido com foco na garantia de disponibilidade ao cliente.<\/b><\/p>\n\n\n\n<p>A Efacec apresenta ao mercado nacional e internacional o novo carregador el\u00e9trico de alta pot\u00eancia QC 180, o primeiro de um leque de novos produtos que ser\u00e3o apresentados em 2024 e 2025, marcando o ritmo de uma fase de impulso \u00e0 inova\u00e7\u00e3o na Mobilidade El\u00e9trica.<\/p>\n\n\n\n<p>J\u00e1 dispon\u00edvel para encomenda, o QC 180 \u00e9 a uma solu\u00e7\u00e3o <i>all-in-one<\/i> de carregamento de alta pot\u00eancia (<i>high power charging<\/i>) assente nos princ\u00edpios modulares da Efacec (<i>Modular Systems<\/i>), desenvolvida com foco total na garantia de disponibilidade ao cliente atrav\u00e9s da incorpora\u00e7\u00e3o de um sistema de monitoriza\u00e7\u00e3o ativa e upgrade remoto, viabilizando uma opera\u00e7\u00e3o mais eficiente e fi\u00e1vel.<\/p>\n\n\n\n<p>Mais potente, mais compacto, mais sustent\u00e1vel e com um novo design, o novo carregador da Efacec integra a tecnologia Plug and Charge, possibilita uma carga simult\u00e2nea de at\u00e9 180 kW que disponibiliza at\u00e9 350 A (dry cable) e inclui liga\u00e7\u00e3o remota independente para manuten\u00e7\u00e3o e gest\u00e3o de ativos, bem como um terminal de pagamento com cart\u00e3o de cr\u00e9dito. Pode ainda ser integrado com o <i>Load Management System (LMS)<\/i> da Efacec, ferramenta que permite aos operadores gerir as pot\u00eancias das esta\u00e7\u00f5es no local das instala\u00e7\u00f5es.<\/p>\n\n\n\n<p>Adicionalmente, o novo carregador de alta pot\u00eancia oferece mais suporte ao cliente e \u00e0 opera\u00e7\u00e3o da rede, otimizando a manuten\u00e7\u00e3o da base instalada, indo tamb\u00e9m ao encontro das necessidades do utilizador final em termos de pot\u00eancia, disponibilidade de carga e simplicidade na gest\u00e3o (manuseamento) de cabos.<\/p>\n\n\n\n<p>Mais de 140 colaboradores estiveram envolvidos no desenvolvimento de um novo produto que vem ampliar a atual gama de solu\u00e7\u00f5es de mobilidade el\u00e9trica neste segmento, que j\u00e1 inclui o QC 60, QC 90 e QC 120, alavancando a expans\u00e3o da atividade em mercados europeus fulcrais e contribuindo tanto para a descarboniza\u00e7\u00e3o da eletrifica\u00e7\u00e3o como para uma maior circularidade.<\/p>\n\n\n\n<p>\"<i>O nosso roadmap tecnol\u00f3gico \u00e9 uma demonstra\u00e7\u00e3o inequ\u00edvoca do compromisso da Efacec em responder aos maiores desafios de um desafio vital para as sociedades do futuro. N\u00e3o s\u00f3 refor\u00e7a o nosso portef\u00f3lio atual, como evidencia que a empresa tem as compet\u00eancias t\u00e9cnicas adequadas para desenvolver produtos e solu\u00e7\u00f5es inovadoras na Mobilidade El\u00e9trica, e que continuamos totalmente comprometidos com projetos de I&amp;D, nos quais investimos 18% das receitas nos \u00faltimos anos.<\/i>\", afirma Nuno Delgado, Diretor da Mobilidade El\u00e9ctrica da Efacec.<\/p>\n\n\n\n<p>Com novos lan\u00e7amentos previstos para 2024 e 2025, a Efacec reafirma a sua aposta no desenvolvimento de solu\u00e7\u00f5es que contribuam ativamente para a cria\u00e7\u00e3o de um futuro mais sustent\u00e1vel, refor\u00e7ando o seu perfil de marca pioneira no setor da Mobilidade El\u00e9trica e de player fundamental na descarboniza\u00e7\u00e3o da economia.<\/p>\n\n\n\n<p>Para saber mais sobre todas as funcionalidades do QC180, entre em contacto com a equipa de Mobilidade El\u00e9trica da Efacec: <a href=\"mailto:evcharging@efacec.com\" target=\"_blank\" rel=\"noreferrer noopener\">evcharging@efacec.com<\/a>.<\/p>\n\n\n\n<div>\n  <div style=\"position:relative;padding-top:56.25%;\"><iframe src=\"https:\/\/www.youtube.com\/embed\/YbpJYZQpSz8?si=rfzPrPGLUzKASRuU\" style=\"position:absolute;top:0;left:0;width:100%;height:100%;\" frameborder=\"0\" scrolling=\"no\" allowfullscreen=\"\" title=\"Entrega do 1\u00ba Transformador Modular\"><\/iframe><\/div><\/div>","protected":false},"excerpt":{"rendered":"<p>A Efacec apresenta ao mercado nacional e internacional o novo carregador el\u00e9trico de alta pot\u00eancia QC 180, o primeiro de um leque de novos produtos que ser\u00e3o apresentados em 2024 e 2025, marcando o ritmo de uma fase de impulso \u00e0 inova\u00e7\u00e3o na Mobilidade El\u00e9trica.<\/p>","protected":false},"featured_media":5306,"template":"","meta":{"_acf_changed":true,"_monsterinsights_skip_tracking":false,"_monsterinsights_sitenote_active":false,"_monsterinsights_sitenote_note":"","_monsterinsights_sitenote_category":0,"_uf_show_specific_survey":0,"_uf_disable_surveys":false},"class_list":["post-5305","news","type-news","status-publish","has-post-thumbnail","hentry"],"acf":[],"yoast_head":"<!-- This site is optimized with the Yoast SEO Premium plugin v24.8 (Yoast SEO v24.8.1) - https:\/\/yoast.com\/wordpress\/plugins\/seo\/ -->\n<title>The new QC180 charger sets the pace for a 2024 focused on new product launches at Efacec Electric Mobility - Efacec<\/title>\n<meta name=\"description\" content=\"The new QC180 high-power charger from Efacec is equipped with ultra-fast 180 kW charging, advanced features, and a focus on sustainability for 2024.\" \/>\n<meta name=\"robots\" content=\"index, follow, max-snippet:-1, max-image-preview:large, max-video-preview:-1\" \/>\n<link rel=\"canonical\" href=\"https:\/\/www.efacec.com\/pt\/noticias\/novo-carregador-qc180-marca-o-ritmo-de-um-2024-de-lancamentos-de-novos-produtos-na-mobilidade-eletrica-da-efacec\/\" \/>\n<meta property=\"og:locale\" content=\"pt_PT\" \/>\n<meta property=\"og:type\" content=\"article\" \/>\n<meta property=\"og:title\" content=\"The new QC180 charger sets the pace for a 2024 focused on new product launches at Efacec Electric Mobility\" \/>\n<meta property=\"og:description\" content=\"The new QC180 high-power charger from Efacec is equipped with ultra-fast 180 kW charging, advanced features, and a focus on sustainability for 2024.\" \/>\n<meta property=\"og:url\" content=\"https:\/\/www.efacec.com\/pt\/noticias\/novo-carregador-qc180-marca-o-ritmo-de-um-2024-de-lancamentos-de-novos-produtos-na-mobilidade-eletrica-da-efacec\/\" \/>\n<meta property=\"og:site_name\" content=\"Efacec\" \/>\n<meta property=\"article:modified_time\" content=\"2025-03-06T15:52:26+00:00\" \/>\n<meta property=\"og:image\" content=\"http:\/\/www.efacec.com\/wp-content\/uploads\/2024\/12\/noticia_efacec_QC180_vista_parking-scaled.jpg\" \/>\n\t<meta property=\"og:image:width\" content=\"2560\" \/>\n\t<meta property=\"og:image:height\" content=\"1707\" \/>\n\t<meta property=\"og:image:type\" content=\"image\/jpeg\" \/>\n<meta name=\"twitter:card\" content=\"summary_large_image\" \/>\n<meta name=\"twitter:label1\" content=\"Est. reading time\" \/>\n\t<meta name=\"twitter:data1\" content=\"3 minutos\" \/>\n<script type=\"application\/ld+json\" class=\"yoast-schema-graph\">{\"@context\":\"https:\/\/schema.org\",\"@graph\":[{\"@type\":\"WebPage\",\"@id\":\"https:\/\/www.efacec.com\/news\/the-new-qc180-charger-sets-the-pace-for-a-2024-focused-on-new-product-launches-at-efacec-electric-mobility\/\",\"url\":\"https:\/\/www.efacec.com\/news\/the-new-qc180-charger-sets-the-pace-for-a-2024-focused-on-new-product-launches-at-efacec-electric-mobility\/\",\"name\":\"The new QC180 charger sets the pace for a 2024 focused on new product launches at Efacec Electric Mobility - Efacec\",\"isPartOf\":{\"@id\":\"https:\/\/www.efacec.com\/#website\"},\"primaryImageOfPage\":{\"@id\":\"https:\/\/www.efacec.com\/news\/the-new-qc180-charger-sets-the-pace-for-a-2024-focused-on-new-product-launches-at-efacec-electric-mobility\/#primaryimage\"},\"image\":{\"@id\":\"https:\/\/www.efacec.com\/news\/the-new-qc180-charger-sets-the-pace-for-a-2024-focused-on-new-product-launches-at-efacec-electric-mobility\/#primaryimage\"},\"thumbnailUrl\":\"https:\/\/www.efacec.com\/wp-content\/uploads\/2024\/12\/noticia_efacec_QC180_vista_parking-scaled.jpg\",\"datePublished\":\"2024-04-16T19:09:00+00:00\",\"dateModified\":\"2025-03-06T15:52:26+00:00\",\"description\":\"The new QC180 high-power charger from Efacec is equipped with ultra-fast 180 kW charging, advanced features, and a focus on sustainability for 2024.\",\"breadcrumb\":{\"@id\":\"https:\/\/www.efacec.com\/news\/the-new-qc180-charger-sets-the-pace-for-a-2024-focused-on-new-product-launches-at-efacec-electric-mobility\/#breadcrumb\"},\"inLanguage\":\"pt-PT\",\"potentialAction\":[{\"@type\":\"ReadAction\",\"target\":[\"https:\/\/www.efacec.com\/news\/the-new-qc180-charger-sets-the-pace-for-a-2024-focused-on-new-product-launches-at-efacec-electric-mobility\/\"]}]},{\"@type\":\"ImageObject\",\"inLanguage\":\"pt-PT\",\"@id\":\"https:\/\/www.efacec.com\/news\/the-new-qc180-charger-sets-the-pace-for-a-2024-focused-on-new-product-launches-at-efacec-electric-mobility\/#primaryimage\",\"url\":\"https:\/\/www.efacec.com\/wp-content\/uploads\/2024\/12\/noticia_efacec_QC180_vista_parking-scaled.jpg\",\"contentUrl\":\"https:\/\/www.efacec.com\/wp-content\/uploads\/2024\/12\/noticia_efacec_QC180_vista_parking-scaled.jpg\",\"width\":2560,\"height\":1707,\"caption\":\"Gray electric vehicle plugged into Efacec\u2019s QC 180 EV Charger, with a digital display and modern design, in an urban setting.\"},{\"@type\":\"BreadcrumbList\",\"@id\":\"https:\/\/www.efacec.com\/news\/the-new-qc180-charger-sets-the-pace-for-a-2024-focused-on-new-product-launches-at-efacec-electric-mobility\/#breadcrumb\",\"itemListElement\":[{\"@type\":\"ListItem\",\"position\":1,\"name\":\"In\u00edcio\",\"item\":\"https:\/\/www.efacec.com\/\"},{\"@type\":\"ListItem\",\"position\":2,\"name\":\"News\",\"item\":\"https:\/\/www.efacec.com\/news\/\"},{\"@type\":\"ListItem\",\"position\":3,\"name\":\"The new QC180 charger sets the pace for a 2024 focused on new product launches at Efacec Electric Mobility\"}]},{\"@type\":\"WebSite\",\"@id\":\"https:\/\/www.efacec.com\/#website\",\"url\":\"https:\/\/www.efacec.com\/\",\"name\":\"Efacec\",\"description\":\"\",\"potentialAction\":[{\"@type\":\"SearchAction\",\"target\":{\"@type\":\"EntryPoint\",\"urlTemplate\":\"https:\/\/www.efacec.com\/?s={search_term_string}\"},\"query-input\":{\"@type\":\"PropertyValueSpecification\",\"valueRequired\":true,\"valueName\":\"search_term_string\"}}],\"inLanguage\":\"pt-PT\"}]}<\/script>\n<!-- \/ Yoast SEO Premium plugin. -->","yoast_head_json":{"title":"The new QC180 charger sets the pace for a 2024 focused on new product launches at Efacec Electric Mobility - Efacec","description":"The new QC180 high-power charger from Efacec is equipped with ultra-fast 180 kW charging, advanced features, and a focus on sustainability for 2024.","robots":{"index":"index","follow":"follow","max-snippet":"max-snippet:-1","max-image-preview":"max-image-preview:large","max-video-preview":"max-video-preview:-1"},"canonical":"https:\/\/www.efacec.com\/pt\/noticias\/novo-carregador-qc180-marca-o-ritmo-de-um-2024-de-lancamentos-de-novos-produtos-na-mobilidade-eletrica-da-efacec\/","og_locale":"pt_PT","og_type":"article","og_title":"The new QC180 charger sets the pace for a 2024 focused on new product launches at Efacec Electric Mobility","og_description":"The new QC180 high-power charger from Efacec is equipped with ultra-fast 180 kW charging, advanced features, and a focus on sustainability for 2024.","og_url":"https:\/\/www.efacec.com\/pt\/noticias\/novo-carregador-qc180-marca-o-ritmo-de-um-2024-de-lancamentos-de-novos-produtos-na-mobilidade-eletrica-da-efacec\/","og_site_name":"Efacec","article_modified_time":"2025-03-06T15:52:26+00:00","og_image":[{"width":2560,"height":1707,"url":"http:\/\/www.efacec.com\/wp-content\/uploads\/2024\/12\/noticia_efacec_QC180_vista_parking-scaled.jpg","type":"image\/jpeg"}],"twitter_card":"summary_large_image","twitter_misc":{"Est. reading time":"3 minutos"},"schema":{"@context":"https:\/\/schema.org","@graph":[{"@type":"WebPage","@id":"https:\/\/www.efacec.com\/news\/the-new-qc180-charger-sets-the-pace-for-a-2024-focused-on-new-product-launches-at-efacec-electric-mobility\/","url":"https:\/\/www.efacec.com\/news\/the-new-qc180-charger-sets-the-pace-for-a-2024-focused-on-new-product-launches-at-efacec-electric-mobility\/","name":"The new QC180 charger sets the pace for a 2024 focused on new product launches at Efacec Electric Mobility - Efacec","isPartOf":{"@id":"https:\/\/www.efacec.com\/#website"},"primaryImageOfPage":{"@id":"https:\/\/www.efacec.com\/news\/the-new-qc180-charger-sets-the-pace-for-a-2024-focused-on-new-product-launches-at-efacec-electric-mobility\/#primaryimage"},"image":{"@id":"https:\/\/www.efacec.com\/news\/the-new-qc180-charger-sets-the-pace-for-a-2024-focused-on-new-product-launches-at-efacec-electric-mobility\/#primaryimage"},"thumbnailUrl":"https:\/\/www.efacec.com\/wp-content\/uploads\/2024\/12\/noticia_efacec_QC180_vista_parking-scaled.jpg","datePublished":"2024-04-16T19:09:00+00:00","dateModified":"2025-03-06T15:52:26+00:00","description":"The new QC180 high-power charger from Efacec is equipped with ultra-fast 180 kW charging, advanced features, and a focus on sustainability for 2024.","breadcrumb":{"@id":"https:\/\/www.efacec.com\/news\/the-new-qc180-charger-sets-the-pace-for-a-2024-focused-on-new-product-launches-at-efacec-electric-mobility\/#breadcrumb"},"inLanguage":"pt-PT","potentialAction":[{"@type":"ReadAction","target":["https:\/\/www.efacec.com\/news\/the-new-qc180-charger-sets-the-pace-for-a-2024-focused-on-new-product-launches-at-efacec-electric-mobility\/"]}]},{"@type":"ImageObject","inLanguage":"pt-PT","@id":"https:\/\/www.efacec.com\/news\/the-new-qc180-charger-sets-the-pace-for-a-2024-focused-on-new-product-launches-at-efacec-electric-mobility\/#primaryimage","url":"https:\/\/www.efacec.com\/wp-content\/uploads\/2024\/12\/noticia_efacec_QC180_vista_parking-scaled.jpg","contentUrl":"https:\/\/www.efacec.com\/wp-content\/uploads\/2024\/12\/noticia_efacec_QC180_vista_parking-scaled.jpg","width":2560,"height":1707,"caption":"Gray electric vehicle plugged into Efacec\u2019s QC 180 EV Charger, with a digital display and modern design, in an urban setting."},{"@type":"BreadcrumbList","@id":"https:\/\/www.efacec.com\/news\/the-new-qc180-charger-sets-the-pace-for-a-2024-focused-on-new-product-launches-at-efacec-electric-mobility\/#breadcrumb","itemListElement":[{"@type":"ListItem","position":1,"name":"In\u00edcio","item":"https:\/\/www.efacec.com\/"},{"@type":"ListItem","position":2,"name":"News","item":"https:\/\/www.efacec.com\/news\/"},{"@type":"ListItem","position":3,"name":"The new QC180 charger sets the pace for a 2024 focused on new product launches at Efacec Electric Mobility"}]},{"@type":"WebSite","@id":"https:\/\/www.efacec.com\/#website","url":"https:\/\/www.efacec.com\/","name":"Efacec","description":"","potentialAction":[{"@type":"SearchAction","target":{"@type":"EntryPoint","urlTemplate":"https:\/\/www.efacec.com\/?s={search_term_string}"},"query-input":{"@type":"PropertyValueSpecification","valueRequired":true,"valueName":"search_term_string"}}],"inLanguage":"pt-PT"}]}},"_links":{"self":[{"href":"https:\/\/www.efacec.com\/pt\/wp-json\/wp\/v2\/news\/5305","targetHints":{"allow":["GET"]}}],"collection":[{"href":"https:\/\/www.efacec.com\/pt\/wp-json\/wp\/v2\/news"}],"about":[{"href":"https:\/\/www.efacec.com\/pt\/wp-json\/wp\/v2\/types\/news"}],"wp:featuredmedia":[{"embeddable":true,"href":"https:\/\/www.efacec.com\/pt\/wp-json\/wp\/v2\/media\/5306"}],"wp:attachment":[{"href":"https:\/\/www.efacec.com\/pt\/wp-json\/wp\/v2\/media?parent=5305"}],"curies":[{"name":"wp","href":"https:\/\/api.w.org\/{rel}","templated":true}]}}