{"id":5225,"date":"2022-12-19T14:52:00","date_gmt":"2022-12-19T14:52:00","guid":{"rendered":"http:\/\/efas464\/?post_type=noticia&#038;p=5225"},"modified":"2025-03-07T11:32:04","modified_gmt":"2025-03-07T11:32:04","slug":"efacec-connected-the-mina-to-photovoltaic-center-to-the-grid-avoiding-the-emission-of-17-thousand-tons-of-co2-per-year","status":"publish","type":"news","link":"https:\/\/www.efacec.com\/pt\/noticias\/efacec-ligou-a-rede-a-central-fotovoltaica-de-mina-to-evitando-a-emissao-de-17-mil-toneladas-de-co2-por-ano\/","title":{"rendered":"Efacec ligou \u00e0 rede a Central Fotovoltaica de Mina T\u00f3 evitando a emiss\u00e3o de 17 mil toneladas de CO<sub>2<\/sub> por ano"},"content":{"rendered":"<p>A Central Fotovoltaica de Mina T\u00f3, no distrito de Bragan\u00e7a, j\u00e1 est\u00e1 a produzir e a fornecer energia \u00e0 popula\u00e7\u00e3o e empresas. Esta encomenda, avaliada em mais de 14 milh\u00f5es de euros, comporta mais de 43 mil pain\u00e9is fotovoltaicos, 93 inversores, tr\u00eas postos de transforma\u00e7\u00e3o e uma capacidade de produ\u00e7\u00e3o anual de 45 000 MWh. Situada ao lado da Central Fotovoltaica de Mogadouro, que tamb\u00e9m foi realizado pela Efacec, a Central de Mina T\u00f3 refor\u00e7a a presen\u00e7a da empresa portuguesa na \u00e1rea do solar fotovoltaico, em territ\u00f3rio nacional.<\/p>\n\n\n\n<p>Com capacidade para fornecer energia a perto de 11 mil habita\u00e7\u00f5es, a central est\u00e1 instalada numa \u00e1rea de 56 hectares. A liga\u00e7\u00e3o \u00e0 rede el\u00e9trica nacional teve lugar em novembro. A utiliza\u00e7\u00e3o desta energia renov\u00e1vel vai evitar a emiss\u00e3o de 17 mil toneladas de CO2 por ano.<\/p>\n\n\n\n<p>A Smartenergy e a Edisun Power voltaram, assim, a eleger a Efacec para a realiza\u00e7\u00e3o deste projeto, tendo por base o sucesso da central de Mogadouro, com liga\u00e7\u00e3o \u00e0 rede em tempo recorde.<\/p>\n\n\n\n<p>A Efacec foi respons\u00e1vel pela conce\u00e7\u00e3o, procurement, instala\u00e7\u00e3o e coloca\u00e7\u00e3o ao servi\u00e7o da Central Fotovoltaica de Mina T\u00f3 e da subesta\u00e7\u00e3o privada de 20MVA a 30\/60kV e linha a\u00e9rea de 60kV, que faz a interliga\u00e7\u00e3o com a rede el\u00e9trica nacional. A central, com pot\u00eancia m\u00e1xima de 23,4MWp, pode injetar na rede at\u00e9 18MVA.<\/p>\n\n\n\n<p>A Efacec desenvolve solu\u00e7\u00f5es para sistemas solares fotovoltaicos, incluindo autoconsumo, sistemas h\u00edbridos e instala\u00e7\u00f5es fotovoltaicas de grande escala, em regime chave na m\u00e3o, posicionando-se como um ator principal nas \u00e1reas de engenharia (EPC) com projetos solares e h\u00eddricos instalados em mais de 10 pa\u00edses.<\/p>\n\n\n\n<figure class=\"wp-block-image size-full\"><img loading=\"lazy\" decoding=\"async\" width=\"1200\" height=\"976\" src=\"http:\/\/efas464\/wp-content\/uploads\/2024\/12\/noticia_Projecto-Mina-To_Subestacao.webp\" alt=\"\" class=\"wp-image-5227\" srcset=\"https:\/\/www.efacec.com\/wp-content\/uploads\/2024\/12\/noticia_Projecto-Mina-To_Subestacao.webp 1200w, https:\/\/www.efacec.com\/wp-content\/uploads\/2024\/12\/noticia_Projecto-Mina-To_Subestacao-300x244.webp 300w, https:\/\/www.efacec.com\/wp-content\/uploads\/2024\/12\/noticia_Projecto-Mina-To_Subestacao-1024x833.webp 1024w, https:\/\/www.efacec.com\/wp-content\/uploads\/2024\/12\/noticia_Projecto-Mina-To_Subestacao-768x625.webp 768w\" sizes=\"(max-width: 1200px) 100vw, 1200px\" \/><\/figure>","protected":false},"excerpt":{"rendered":"<p>Com capacidade para fornecer energia a cerca de 11.000 habita\u00e7\u00f5es, a Central Fotovoltaica de Mina T\u00f3, no distrito de Bragan\u00e7a, j\u00e1 est\u00e1 a produzir e a fornecer energia \u00e0 popula\u00e7\u00e3o e \u00e0s empresas.<\/p>","protected":false},"featured_media":5226,"template":"","meta":{"_acf_changed":false,"_monsterinsights_skip_tracking":false,"_monsterinsights_sitenote_active":false,"_monsterinsights_sitenote_note":"","_monsterinsights_sitenote_category":0,"_uf_show_specific_survey":0,"_uf_disable_surveys":false},"class_list":["post-5225","news","type-news","status-publish","has-post-thumbnail","hentry"],"acf":[],"yoast_head":"<!-- This site is optimized with the Yoast SEO Premium plugin v24.8 (Yoast SEO v24.8.1) - https:\/\/yoast.com\/wordpress\/plugins\/seo\/ -->\n<title>Efacec connected the Mina T\u00f3 Photovoltaic Center to the grid, avoiding the emission of 17 thousand tons of CO2 per year - Efacec<\/title>\n<meta name=\"description\" content=\"Efacec connects the Mina T\u00f3 Photovoltaic Plant to the grid, preventing 17,000 tons of CO\u2082 emissions per year and powering 11,000 homes in Portugal.\" \/>\n<meta name=\"robots\" content=\"index, follow, max-snippet:-1, max-image-preview:large, max-video-preview:-1\" \/>\n<link rel=\"canonical\" href=\"https:\/\/www.efacec.com\/pt\/noticias\/efacec-ligou-a-rede-a-central-fotovoltaica-de-mina-to-evitando-a-emissao-de-17-mil-toneladas-de-co2-por-ano\/\" \/>\n<meta property=\"og:locale\" content=\"pt_PT\" \/>\n<meta property=\"og:type\" content=\"article\" \/>\n<meta property=\"og:title\" content=\"Efacec connected the Mina T\u00f3 Photovoltaic Center to the grid, avoiding the emission of 17 thousand tons of CO2 per year\" \/>\n<meta property=\"og:description\" content=\"Efacec connects the Mina T\u00f3 Photovoltaic Plant to the grid, preventing 17,000 tons of CO\u2082 emissions per year and powering 11,000 homes in Portugal.\" \/>\n<meta property=\"og:url\" content=\"https:\/\/www.efacec.com\/pt\/noticias\/efacec-ligou-a-rede-a-central-fotovoltaica-de-mina-to-evitando-a-emissao-de-17-mil-toneladas-de-co2-por-ano\/\" \/>\n<meta property=\"og:site_name\" content=\"Efacec\" \/>\n<meta property=\"article:modified_time\" content=\"2025-03-07T11:32:04+00:00\" \/>\n<meta property=\"og:image\" content=\"http:\/\/www.efacec.com\/wp-content\/uploads\/2024\/12\/noticia_Projecto-Mina-To-e1735570559753.webp\" \/>\n\t<meta property=\"og:image:width\" content=\"1200\" \/>\n\t<meta property=\"og:image:height\" content=\"760\" \/>\n\t<meta property=\"og:image:type\" content=\"image\/webp\" \/>\n<meta name=\"twitter:card\" content=\"summary_large_image\" \/>\n<meta name=\"twitter:label1\" content=\"Est. reading time\" \/>\n\t<meta name=\"twitter:data1\" content=\"2 minutos\" \/>\n<script type=\"application\/ld+json\" class=\"yoast-schema-graph\">{\"@context\":\"https:\/\/schema.org\",\"@graph\":[{\"@type\":\"WebPage\",\"@id\":\"https:\/\/www.efacec.com\/news\/efacec-connected-the-mina-to-photovoltaic-center-to-the-grid-avoiding-the-emission-of-17-thousand-tons-of-co2-per-year\/\",\"url\":\"https:\/\/www.efacec.com\/news\/efacec-connected-the-mina-to-photovoltaic-center-to-the-grid-avoiding-the-emission-of-17-thousand-tons-of-co2-per-year\/\",\"name\":\"Efacec connected the Mina T\u00f3 Photovoltaic Center to the grid, avoiding the emission of 17 thousand tons of CO2 per year - Efacec\",\"isPartOf\":{\"@id\":\"https:\/\/www.efacec.com\/#website\"},\"primaryImageOfPage\":{\"@id\":\"https:\/\/www.efacec.com\/news\/efacec-connected-the-mina-to-photovoltaic-center-to-the-grid-avoiding-the-emission-of-17-thousand-tons-of-co2-per-year\/#primaryimage\"},\"image\":{\"@id\":\"https:\/\/www.efacec.com\/news\/efacec-connected-the-mina-to-photovoltaic-center-to-the-grid-avoiding-the-emission-of-17-thousand-tons-of-co2-per-year\/#primaryimage\"},\"thumbnailUrl\":\"https:\/\/www.efacec.com\/wp-content\/uploads\/2024\/12\/noticia_Projecto-Mina-To-e1735570559753.webp\",\"datePublished\":\"2022-12-19T14:52:00+00:00\",\"dateModified\":\"2025-03-07T11:32:04+00:00\",\"description\":\"Efacec connects the Mina T\u00f3 Photovoltaic Plant to the grid, preventing 17,000 tons of CO\u2082 emissions per year and powering 11,000 homes in Portugal.\",\"breadcrumb\":{\"@id\":\"https:\/\/www.efacec.com\/news\/efacec-connected-the-mina-to-photovoltaic-center-to-the-grid-avoiding-the-emission-of-17-thousand-tons-of-co2-per-year\/#breadcrumb\"},\"inLanguage\":\"pt-PT\",\"potentialAction\":[{\"@type\":\"ReadAction\",\"target\":[\"https:\/\/www.efacec.com\/news\/efacec-connected-the-mina-to-photovoltaic-center-to-the-grid-avoiding-the-emission-of-17-thousand-tons-of-co2-per-year\/\"]}]},{\"@type\":\"ImageObject\",\"inLanguage\":\"pt-PT\",\"@id\":\"https:\/\/www.efacec.com\/news\/efacec-connected-the-mina-to-photovoltaic-center-to-the-grid-avoiding-the-emission-of-17-thousand-tons-of-co2-per-year\/#primaryimage\",\"url\":\"https:\/\/www.efacec.com\/wp-content\/uploads\/2024\/12\/noticia_Projecto-Mina-To-e1735570559753.webp\",\"contentUrl\":\"https:\/\/www.efacec.com\/wp-content\/uploads\/2024\/12\/noticia_Projecto-Mina-To-e1735570559753.webp\",\"width\":1200,\"height\":760,\"caption\":\"Aerial view of expansive solar panels across green fields under a cloudy sky.\"},{\"@type\":\"BreadcrumbList\",\"@id\":\"https:\/\/www.efacec.com\/news\/efacec-connected-the-mina-to-photovoltaic-center-to-the-grid-avoiding-the-emission-of-17-thousand-tons-of-co2-per-year\/#breadcrumb\",\"itemListElement\":[{\"@type\":\"ListItem\",\"position\":1,\"name\":\"In\u00edcio\",\"item\":\"https:\/\/www.efacec.com\/\"},{\"@type\":\"ListItem\",\"position\":2,\"name\":\"News\",\"item\":\"https:\/\/www.efacec.com\/news\/\"},{\"@type\":\"ListItem\",\"position\":3,\"name\":\"Efacec connected the Mina T\u00f3 Photovoltaic Center to the grid, avoiding the emission of 17 thousand tons of CO2 per year\"}]},{\"@type\":\"WebSite\",\"@id\":\"https:\/\/www.efacec.com\/#website\",\"url\":\"https:\/\/www.efacec.com\/\",\"name\":\"Efacec\",\"description\":\"\",\"potentialAction\":[{\"@type\":\"SearchAction\",\"target\":{\"@type\":\"EntryPoint\",\"urlTemplate\":\"https:\/\/www.efacec.com\/?s={search_term_string}\"},\"query-input\":{\"@type\":\"PropertyValueSpecification\",\"valueRequired\":true,\"valueName\":\"search_term_string\"}}],\"inLanguage\":\"pt-PT\"}]}<\/script>\n<!-- \/ Yoast SEO Premium plugin. -->","yoast_head_json":{"title":"Efacec connected the Mina T\u00f3 Photovoltaic Center to the grid, avoiding the emission of 17 thousand tons of CO2 per year - Efacec","description":"Efacec connects the Mina T\u00f3 Photovoltaic Plant to the grid, preventing 17,000 tons of CO\u2082 emissions per year and powering 11,000 homes in Portugal.","robots":{"index":"index","follow":"follow","max-snippet":"max-snippet:-1","max-image-preview":"max-image-preview:large","max-video-preview":"max-video-preview:-1"},"canonical":"https:\/\/www.efacec.com\/pt\/noticias\/efacec-ligou-a-rede-a-central-fotovoltaica-de-mina-to-evitando-a-emissao-de-17-mil-toneladas-de-co2-por-ano\/","og_locale":"pt_PT","og_type":"article","og_title":"Efacec connected the Mina T\u00f3 Photovoltaic Center to the grid, avoiding the emission of 17 thousand tons of CO2 per year","og_description":"Efacec connects the Mina T\u00f3 Photovoltaic Plant to the grid, preventing 17,000 tons of CO\u2082 emissions per year and powering 11,000 homes in Portugal.","og_url":"https:\/\/www.efacec.com\/pt\/noticias\/efacec-ligou-a-rede-a-central-fotovoltaica-de-mina-to-evitando-a-emissao-de-17-mil-toneladas-de-co2-por-ano\/","og_site_name":"Efacec","article_modified_time":"2025-03-07T11:32:04+00:00","og_image":[{"width":1200,"height":760,"url":"http:\/\/www.efacec.com\/wp-content\/uploads\/2024\/12\/noticia_Projecto-Mina-To-e1735570559753.webp","type":"image\/webp"}],"twitter_card":"summary_large_image","twitter_misc":{"Est. reading time":"2 minutos"},"schema":{"@context":"https:\/\/schema.org","@graph":[{"@type":"WebPage","@id":"https:\/\/www.efacec.com\/news\/efacec-connected-the-mina-to-photovoltaic-center-to-the-grid-avoiding-the-emission-of-17-thousand-tons-of-co2-per-year\/","url":"https:\/\/www.efacec.com\/news\/efacec-connected-the-mina-to-photovoltaic-center-to-the-grid-avoiding-the-emission-of-17-thousand-tons-of-co2-per-year\/","name":"Efacec connected the Mina T\u00f3 Photovoltaic Center to the grid, avoiding the emission of 17 thousand tons of CO2 per year - Efacec","isPartOf":{"@id":"https:\/\/www.efacec.com\/#website"},"primaryImageOfPage":{"@id":"https:\/\/www.efacec.com\/news\/efacec-connected-the-mina-to-photovoltaic-center-to-the-grid-avoiding-the-emission-of-17-thousand-tons-of-co2-per-year\/#primaryimage"},"image":{"@id":"https:\/\/www.efacec.com\/news\/efacec-connected-the-mina-to-photovoltaic-center-to-the-grid-avoiding-the-emission-of-17-thousand-tons-of-co2-per-year\/#primaryimage"},"thumbnailUrl":"https:\/\/www.efacec.com\/wp-content\/uploads\/2024\/12\/noticia_Projecto-Mina-To-e1735570559753.webp","datePublished":"2022-12-19T14:52:00+00:00","dateModified":"2025-03-07T11:32:04+00:00","description":"Efacec connects the Mina T\u00f3 Photovoltaic Plant to the grid, preventing 17,000 tons of CO\u2082 emissions per year and powering 11,000 homes in Portugal.","breadcrumb":{"@id":"https:\/\/www.efacec.com\/news\/efacec-connected-the-mina-to-photovoltaic-center-to-the-grid-avoiding-the-emission-of-17-thousand-tons-of-co2-per-year\/#breadcrumb"},"inLanguage":"pt-PT","potentialAction":[{"@type":"ReadAction","target":["https:\/\/www.efacec.com\/news\/efacec-connected-the-mina-to-photovoltaic-center-to-the-grid-avoiding-the-emission-of-17-thousand-tons-of-co2-per-year\/"]}]},{"@type":"ImageObject","inLanguage":"pt-PT","@id":"https:\/\/www.efacec.com\/news\/efacec-connected-the-mina-to-photovoltaic-center-to-the-grid-avoiding-the-emission-of-17-thousand-tons-of-co2-per-year\/#primaryimage","url":"https:\/\/www.efacec.com\/wp-content\/uploads\/2024\/12\/noticia_Projecto-Mina-To-e1735570559753.webp","contentUrl":"https:\/\/www.efacec.com\/wp-content\/uploads\/2024\/12\/noticia_Projecto-Mina-To-e1735570559753.webp","width":1200,"height":760,"caption":"Aerial view of expansive solar panels across green fields under a cloudy sky."},{"@type":"BreadcrumbList","@id":"https:\/\/www.efacec.com\/news\/efacec-connected-the-mina-to-photovoltaic-center-to-the-grid-avoiding-the-emission-of-17-thousand-tons-of-co2-per-year\/#breadcrumb","itemListElement":[{"@type":"ListItem","position":1,"name":"In\u00edcio","item":"https:\/\/www.efacec.com\/"},{"@type":"ListItem","position":2,"name":"News","item":"https:\/\/www.efacec.com\/news\/"},{"@type":"ListItem","position":3,"name":"Efacec connected the Mina T\u00f3 Photovoltaic Center to the grid, avoiding the emission of 17 thousand tons of CO2 per year"}]},{"@type":"WebSite","@id":"https:\/\/www.efacec.com\/#website","url":"https:\/\/www.efacec.com\/","name":"Efacec","description":"","potentialAction":[{"@type":"SearchAction","target":{"@type":"EntryPoint","urlTemplate":"https:\/\/www.efacec.com\/?s={search_term_string}"},"query-input":{"@type":"PropertyValueSpecification","valueRequired":true,"valueName":"search_term_string"}}],"inLanguage":"pt-PT"}]}},"_links":{"self":[{"href":"https:\/\/www.efacec.com\/pt\/wp-json\/wp\/v2\/news\/5225","targetHints":{"allow":["GET"]}}],"collection":[{"href":"https:\/\/www.efacec.com\/pt\/wp-json\/wp\/v2\/news"}],"about":[{"href":"https:\/\/www.efacec.com\/pt\/wp-json\/wp\/v2\/types\/news"}],"wp:featuredmedia":[{"embeddable":true,"href":"https:\/\/www.efacec.com\/pt\/wp-json\/wp\/v2\/media\/5226"}],"wp:attachment":[{"href":"https:\/\/www.efacec.com\/pt\/wp-json\/wp\/v2\/media?parent=5225"}],"curies":[{"name":"wp","href":"https:\/\/api.w.org\/{rel}","templated":true}]}}